{"id":4417,"date":"2020-11-18T14:39:41","date_gmt":"2020-11-18T13:39:41","guid":{"rendered":"https:\/\/www.nowcast.de\/informe-del-rayos-de-alemania-en-el-verano-de-2020-la-estacion-mas-debil-desde-el-comienzo-de-las-mediciones\/"},"modified":"2020-11-18T17:09:19","modified_gmt":"2020-11-18T16:09:19","slug":"informe-del-rayos-de-alemania-en-el-verano-de-2020-la-estacion-mas-debil-desde-el-comienzo-de-las-mediciones","status":"publish","type":"post","link":"https:\/\/www.nowcast.de\/es\/informe-del-rayos-de-alemania-en-el-verano-de-2020-la-estacion-mas-debil-desde-el-comienzo-de-las-mediciones\/","title":{"rendered":"Informe del rayos de Alemania en el verano de 2020: La estaci\u00f3n m\u00e1s d\u00e9bil desde el comienzo de las mediciones"},"content":{"rendered":"\n<style type=\"text\/css\" data-created_by=\"avia_inline_auto\" id=\"style-css-av-khm28bog-dda99998113640e45f4875b60f1edcf9\">\n.avia-image-container.av-khm28bog-dda99998113640e45f4875b60f1edcf9 img.avia_image{\nbox-shadow:none;\n}\n.avia-image-container.av-khm28bog-dda99998113640e45f4875b60f1edcf9 .av-image-caption-overlay-center{\ncolor:#ffffff;\n}\n<\/style>\n<div  class='avia-image-container av-khm28bog-dda99998113640e45f4875b60f1edcf9 av-styling- avia-align-center  avia-builder-el-0  el_before_av_textblock  avia-builder-el-first '   itemprop=\"image\" itemscope=\"itemscope\" itemtype=\"https:\/\/schema.org\/ImageObject\" ><div class=\"avia-image-container-inner\"><div class=\"avia-image-overlay-wrap\"><img decoding=\"async\" class='wp-image-4363 avia-img-lazy-loading-not-4363 avia_image ' src=\"https:\/\/www.nowcast.de\/wp-content\/uploads\/2020\/11\/Blitze-im-Sommer-2020.png\" alt='' title='Rel\u00e1mpago en el verano de 2020'  height=\"796\" width=\"1202\"  itemprop=\"thumbnailUrl\" srcset=\"https:\/\/www.nowcast.de\/wp-content\/uploads\/2020\/11\/Blitze-im-Sommer-2020.png 1202w, https:\/\/www.nowcast.de\/wp-content\/uploads\/2020\/11\/Blitze-im-Sommer-2020-350x232.png 350w, https:\/\/www.nowcast.de\/wp-content\/uploads\/2020\/11\/Blitze-im-Sommer-2020-1030x682.png 1030w, https:\/\/www.nowcast.de\/wp-content\/uploads\/2020\/11\/Blitze-im-Sommer-2020-768x509.png 768w, https:\/\/www.nowcast.de\/wp-content\/uploads\/2020\/11\/Blitze-im-Sommer-2020-705x467.png 705w, https:\/\/www.nowcast.de\/wp-content\/uploads\/2020\/11\/Blitze-im-Sommer-2020-128x85.png 128w\" sizes=\"(max-width: 1202px) 100vw, 1202px\" \/><\/div><\/div><\/div>\n<section  class='av_textblock_section av-khm25r72-b00a497348ed85e7fb63ee8a259ccd31'  itemscope=\"itemscope\" itemtype=\"https:\/\/schema.org\/BlogPosting\" itemprop=\"blogPost\" ><div class='avia_textblock'  itemprop=\"text\" ><h1>Blitzreport Verano 2020: La estaci\u00f3n m\u00e1s d\u00e9bil desde el comienzo de las mediciones<\/h1>\n<p><strong>Munich, 05 de septiembre de 2020<\/strong> &#8211; En el verano de 2020, <a href=\"https:\/\/www.nowcast.de\/es\/soluciones\/linet-systems\/\">la red de vigilancia de rayos de la renombrada empresa de detecci\u00f3n de rayos con sede en Munich, Nowcast<\/a>, registr\u00f3 exactamente 2.659.493 descargas de rayos en toda Alemania, 732.199 de ellas con una intensidad de corriente de al menos 5 kA. Este es el valor m\u00e1s bajo desde el comienzo de la detecci\u00f3n moderna de rayos. El estado con el mayor n\u00famero de descargas de rayos fue Baviera, el estado m\u00e1s peque\u00f1o de la Rep\u00fablica Federal de Alemania, Bremen, est\u00e1 en \u00faltimo lugar. Desde 2006, los expertos han estado registrando rel\u00e1mpagos terrestres y de nubes en grandes partes del mundo con su <a href=\"https:\/\/www.nowcast.de\/es\/soluciones\/linet-systems\/\">sistema de detecci\u00f3n de rel\u00e1mpagos de alta precisi\u00f3n LINET<\/a> (Red de detecci\u00f3n de rel\u00e1mpagos) y tambi\u00e9n suministran sus datos al <a href=\"https:\/\/www.nowcast.de\/en\/portfolio-item\/german-meteorological-service-dwd\/\">DWD<\/a>. nowcast es el especialista en rel\u00e1mpagos del <a href=\"https:\/\/www.ubimet.com\/\">Grupo UBIMET<\/a>.<\/p>\n<p>Del 1\u00ba de junio al 31 de agosto, <a href=\"https:\/\/www.nowcast.de\/es\/soluciones\/linet-systems\/\">el sistema de medici\u00f3n de rayos<\/a> de alta precisi\u00f3n de Nowcast registr\u00f3 exactamente 2.659.493 descargas de rayos (rayos de nubes y de tierra) en toda Alemania, 732.199 de ellas con una corriente de al menos 5 kA. Este valor representa el valor m\u00e1s bajo desde el comienzo de la medici\u00f3n; este verano hubo unas buenas 500.000 descargas de rayos menos que en el verano del a\u00f1o anterior. En comparaci\u00f3n con el promedio de 2009 a 2019, este verano se registr\u00f3 menos de la mitad del n\u00famero habitual de descargas de rayos. El segundo valor m\u00e1s bajo es del verano de 2018, cuando se detectaron unos 868.500 rayos con una intensidad de corriente de al menos 5 kA, por lo que hemos experimentado las dos temporadas de tormentas m\u00e1s d\u00e9biles de los \u00faltimos tres a\u00f1os. \u00abEspecialmente en julio hubo excepcionalmente pocas tormentas el\u00e9ctricas este a\u00f1o, no se detect\u00f3 ni un solo rayo en el mes normalmente m\u00e1s tormentoso del a\u00f1o, por ejemplo en Saarland\u00bb dice Richard Fellner, CEO de nowcast. Sin embargo, en 73 de los 92 d\u00edas en toda Alemania hubo tormentas el\u00e9ctricas en alg\u00fan lugar del pa\u00eds: \u00abMientras que en Hamburgo s\u00f3lo hubo 12 d\u00edas con descargas de rel\u00e1mpagos, en Baviera hubo 61\u00bb, dice el experto.<\/p>\n<p><strong>Baviera encabeza la lista<\/strong><\/p>\n<p>Con exactamente 742.815 descargas de rayos, Baviera, como tantas veces, lidera claramente el ranking de los estados federados, seguida en segundo lugar por Baja Sajonia con 317.046 descargas de rayos. Baden-W\u00fcrttemberg completa el podio con alrededor de 316.484 descargas de rayos. Por el contrario, el verano pasado se registraron considerablemente menos tormentas el\u00e9ctricas en el centro y el extremo norte: Schleswig-Holstein, por ejemplo, s\u00f3lo registr\u00f3 39.733 descargas de rayos, mientras que el estado federal m\u00e1s peque\u00f1o, Bremen, s\u00f3lo registr\u00f3 1.054.<\/p>\n<p>En t\u00e9rminos de densidad de rayos, Baviera tambi\u00e9n est\u00e1 en primer lugar con unos 10,5 rayos por km\u00b2, seguida de Baden-W\u00fcrttemberg, Renania-Palatinado y Brandenburgo con unos 8 rayos por km\u00b2. En \u00faltimo lugar se encuentran Schleswig-Holstein y Bremen con unos 2,5 rayos por km\u00b2 y Mecklemburgo-Pomerania Occidental y Hesse con unos 4 rayos por km\u00b2.<\/p>\n<p><strong>El rayo m\u00e1s fuerte de Baviera<\/strong><\/p>\n<p>La fuerza del rayo est\u00e1 indicada por la corriente en la unidad Amperio. El rayo m\u00e1s fuerte del pa\u00eds se midi\u00f3 en Baviera, en el distrito de Roth: \u00abEl rayo m\u00e1s fuerte es una descarga de alrededor de 402 kA durante la noche del 2 de julio en Thalm\u00e4ssing\u00bb, seg\u00fan el experto. \u00abEn muy poco tiempo, se alcanz\u00f3 una intensidad de corriente 25.000 veces superior a la disponible en un enchufe dom\u00e9stico est\u00e1ndar de 16 amperios\u00bb.<\/p>\n<p><strong>Tormenta del 13 de junio<\/strong><\/p>\n<p>Con mucho, el d\u00eda m\u00e1s tormentoso del verano fue el 13 de junio, cuando se registraron unas 450.000 descargas de rayos, 133.000 de ellas en Brandenburgo y 110.000 s\u00f3lo en Baja Sajonia. En segundo y tercer lugar, respectivamente, llegaron el 26 de junio con 160.000 descargas y el 11 de agosto con 146.000. Las tormentas el\u00e9ctricas de este a\u00f1o fueron las principales responsables de las fuertes lluvias e inundaciones locales, por ejemplo en Bottmersdorf (Sajonia-Anhalt) el 13 de junio cayeron 100 L\/m\u00b2 de lluvia en menos de 5 horas. Tambi\u00e9n se registraron grandes cantidades de lluvia de m\u00e1s de 80 L\/m\u00b2 en dos horas en Nattheim (Baden-W\u00fcrttemberg) el 2 de agosto o en Twist (Baja Sajonia) el 14 de agosto. El granizo de m\u00e1s de 3 cm de di\u00e1metro era s\u00f3lo espor\u00e1dico, como el que se produjo localmente el 13 de junio en Brandenburgo. Las r\u00e1fagas de huracanes tambi\u00e9n se midieron s\u00f3lo espor\u00e1dicamente, siendo el pico m\u00e1s alto de 130 km\/h en Chieming el 28 de junio.<\/p>\n<p><strong>Los estados federales m\u00e1s ricos en el verano de 2020<\/strong><\/p>\n<ol start=\"1\" type=\"1\">\n<li class=\"western\">Bayern 742.815<\/li>\n<li class=\"western\">Niedersachsen 317.046<\/li>\n<li class=\"western\">Baden-W\u00fcrttemberg 316.484<\/li>\n<li class=\"western\">Nordrhein-Westfalen 266.841<\/li>\n<li class=\"western\">Brandenburg 239.085<\/li>\n<li class=\"western\">Rheinland-Pfalz 165.828<\/li>\n<li class=\"western\">Sachsen-Anhalt 160.748<\/li>\n<li class=\"western\">Sachsen 108.571<\/li>\n<li class=\"western\">Mecklenburg-Vorp. 97.141<\/li>\n<li class=\"western\">Hessen 89.049<\/li>\n<li class=\"western\">Th\u00fcringen 86.937<\/li>\n<li class=\"western\">Schleswig-Holstein 39.733<\/li>\n<li class=\"western\">Saarland 18.108<\/li>\n<li class=\"western\">Berlin 5.064<\/li>\n<li class=\"western\">Hamburg 4.989<\/li>\n<li class=\"western\">Bremen 1.054<\/li>\n<\/ol>\n<p class=\"western\"><strong>Alemania Total 2.659.493 (densidad del flash: 7,4 flashes\/km\u00b2)<\/strong><\/p>\n<p><a href=\"https:\/\/www.nowcast.de\/wp-content\/uploads\/2020\/11\/Blitzdichte-pro-Gemeinde-im-Sommer-2020.png\"><img decoding=\"async\" class=\"alignnone size-full wp-image-4366\" src=\"https:\/\/www.nowcast.de\/wp-content\/uploads\/2020\/11\/Blitzdichte-pro-Gemeinde-im-Sommer-2020.png\" alt=\"\" width=\"1112\" height=\"735\" srcset=\"https:\/\/www.nowcast.de\/wp-content\/uploads\/2020\/11\/Blitzdichte-pro-Gemeinde-im-Sommer-2020.png 1112w, https:\/\/www.nowcast.de\/wp-content\/uploads\/2020\/11\/Blitzdichte-pro-Gemeinde-im-Sommer-2020-350x231.png 350w, https:\/\/www.nowcast.de\/wp-content\/uploads\/2020\/11\/Blitzdichte-pro-Gemeinde-im-Sommer-2020-1030x681.png 1030w, https:\/\/www.nowcast.de\/wp-content\/uploads\/2020\/11\/Blitzdichte-pro-Gemeinde-im-Sommer-2020-768x508.png 768w, https:\/\/www.nowcast.de\/wp-content\/uploads\/2020\/11\/Blitzdichte-pro-Gemeinde-im-Sommer-2020-705x466.png 705w, https:\/\/www.nowcast.de\/wp-content\/uploads\/2020\/11\/Blitzdichte-pro-Gemeinde-im-Sommer-2020-128x85.png 128w\" sizes=\"(max-width: 1112px) 100vw, 1112px\" \/><\/a><\/p>\n<p class=\"western\"><strong>Los condados m\u00e1s ricos del mundo<\/strong><\/p>\n<ol start=\"1\" type=\"1\">\n<li class=\"western\">Biberbach (Baden-W\u00fcrttemberg) 31.712<\/li>\n<li class=\"western\">B\u00f6rde (Sachsen-Anhalt) 30.426<\/li>\n<li class=\"western\">Jerichower Land (Sachsen-Anhalt) 29.178<\/li>\n<li class=\"western\">Alb-Donau-Kreis (Baden-W\u00fcrttemberg) 28.477<\/li>\n<li class=\"western\">Straubing-Bogen (Bayern) 27.226<\/li>\n<\/ol>\n<p><strong>El rayo m\u00e1s fuerte<\/strong><\/p>\n<ol start=\"1\" type=\"1\">\n<li class=\"western\">Thalm\u00e4ssing (Roth) 402 kA (<span id=\"OBJ_PREFIX_DWT87_com_zimbra_date\" class=\"Object\" role=\"link\"><span id=\"OBJ_PREFIX_DWT111_com_zimbra_date\" class=\"Object\" role=\"link\">2. Juli<\/span><\/span>)<\/li>\n<li class=\"western\">Herzogenrath (Aachen) 399 kA (<span id=\"OBJ_PREFIX_DWT88_com_zimbra_date\" class=\"Object\" role=\"link\"><span id=\"OBJ_PREFIX_DWT112_com_zimbra_date\" class=\"Object\" role=\"link\">11. August<\/span><\/span>)<\/li>\n<li class=\"western\">Eisenh\u00fcttenstadt (Oder-Spree) 373 kA (<span id=\"OBJ_PREFIX_DWT89_com_zimbra_date\" class=\"Object\" role=\"link\"><span id=\"OBJ_PREFIX_DWT113_com_zimbra_date\" class=\"Object\" role=\"link\">13. Juni<\/span><\/span>)<\/li>\n<\/ol>\n<h2>Lo especial de Nowcast<\/h2>\n<p><a href=\"https:\/\/www.nowcast.de\/es\/soluciones\/linet-systems\/\">El sistema de localizaci\u00f3n de rayos LINET<\/a>, desarrollado en la Universidad Ludwig-Maximillians-Universidad de Munich y hecho famoso por su algoritmo 3D patentado, se ha convertido en muy poco tiempo en el proveedor premium de su sector. Debido al constante desarrollo de la tecnolog\u00eda, la precisi\u00f3n con la que Nowcast puede localizar rel\u00e1mpagos y tormentas es \u00fanica. La medici\u00f3n de rayos se basa generalmente en la detecci\u00f3n de ondas electromagn\u00e9ticas. Tan pronto como se supera una cierta intensidad, el sistema de medici\u00f3n registra el rayo. Un rel\u00e1mpago es detectado por varios sensores y un algoritmo matem\u00e1tico calcula la ubicaci\u00f3n bas\u00e1ndose en los datos reportados con una precisi\u00f3n promedio de 75 metros. En Alemania, Nowcast registra sus datos sobre rayos con 30 sensores, en toda Europa con m\u00e1s de 170 y en todo el mundo con m\u00e1s de 600 sensores. Entre los numerosos clientes de larga data en Alemania se encuentran el <a href=\"https:\/\/www.nowcast.de\/en\/portfolio-item\/german-meteorological-service-dwd\/\">Servicio Meteorol\u00f3gico Alem\u00e1n (DWD)<\/a>, aseguradoras de da\u00f1os como <a href=\"https:\/\/www.nowcast.de\/es\/portfolio-item\/allianz-versicherungs-ag\/\">Allianz<\/a>, las Fuerzas Armadas Federales de Alemania, as\u00ed como <a href=\"https:\/\/www.nowcast.de\/es\/sectores\/servicios-meteorolgicos\/\">servicios meteorol\u00f3gicos<\/a> nacionales de todo el mundo, <a href=\"https:\/\/www.nowcast.de\/es\/sectores\/compaas-proveedoras-de-energa\/\">proveedores de energ\u00eda<\/a>, la industria aeroespacial, organizadores de actividades al aire libre, parques de atracciones, campos de golf, empresas de transporte mar\u00edtimo y aeropuertos. nowcast no s\u00f3lo proporciona a sus clientes datos sobre rayos en tiempo real y su an\u00e1lisis, sino que tambi\u00e9n les permite adquirir su propio sistema de localizaci\u00f3n de rayos independiente y fiable \u00ab<a href=\"https:\/\/www.nowcast.de\/es\/soluciones\/linet-systems\/\">LINET systems<\/a>\u00bb con hardware y software.<\/p>\n<\/div><\/section>\n","protected":false},"excerpt":{"rendered":"<p>En el verano pasado se registraron exactamente 2.659.493 descargas de rayos en toda Alemania, 732.199 de ellas con una intensidad de corriente de al menos 5 kA. <\/p>\n","protected":false},"author":12,"featured_media":4471,"comment_status":"closed","ping_status":"closed","sticky":false,"template":"","format":"standard","meta":{"_relevanssi_hide_post":"","_relevanssi_hide_content":"","_relevanssi_pin_for_all":"","_relevanssi_pin_keywords":"","_relevanssi_unpin_keywords":"","_relevanssi_related_keywords":"","_relevanssi_related_include_ids":"","_relevanssi_related_exclude_ids":"","_relevanssi_related_no_append":"","_relevanssi_related_not_related":"","_relevanssi_related_posts":"","_relevanssi_noindex_reason":""},"categories":[37,38],"tags":[],"acf":[],"yoast_head":"<!-- This site is optimized with the Yoast SEO plugin v19.10 - https:\/\/yoast.com\/wordpress\/plugins\/seo\/ -->\n<title>Informe del rayos de Alemania en el verano de 2020: La estaci\u00f3n m\u00e1s d\u00e9bil desde el comienzo de las mediciones - nowcast<\/title>\n<meta name=\"robots\" content=\"index, follow, max-snippet:-1, max-image-preview:large, max-video-preview:-1\" \/>\n<link rel=\"canonical\" href=\"https:\/\/www.nowcast.de\/es\/informe-del-rayos-de-alemania-en-el-verano-de-2020-la-estacion-mas-debil-desde-el-comienzo-de-las-mediciones\/\" \/>\n<meta property=\"og:locale\" content=\"es_ES\" \/>\n<meta property=\"og:type\" content=\"article\" \/>\n<meta property=\"og:title\" content=\"Informe del rayos de Alemania en el verano de 2020: La estaci\u00f3n m\u00e1s d\u00e9bil desde el comienzo de las mediciones - nowcast\" \/>\n<meta property=\"og:description\" content=\"En el verano pasado se registraron exactamente 2.659.493 descargas de rayos en toda Alemania, 732.199 de ellas con una intensidad de corriente de al menos 5 kA.\" \/>\n<meta property=\"og:url\" content=\"https:\/\/www.nowcast.de\/es\/informe-del-rayos-de-alemania-en-el-verano-de-2020-la-estacion-mas-debil-desde-el-comienzo-de-las-mediciones\/\" \/>\n<meta property=\"og:site_name\" content=\"nowcast\" \/>\n<meta property=\"article:published_time\" content=\"2020-11-18T13:39:41+00:00\" \/>\n<meta property=\"article:modified_time\" content=\"2020-11-18T16:09:19+00:00\" \/>\n<meta property=\"og:image\" content=\"https:\/\/www.nowcast.de\/wp-content\/uploads\/2020\/11\/Blitzreport2020.jpg\" \/>\n\t<meta property=\"og:image:width\" content=\"860\" \/>\n\t<meta property=\"og:image:height\" content=\"290\" \/>\n\t<meta property=\"og:image:type\" content=\"image\/jpeg\" \/>\n<meta name=\"author\" content=\"Matheus Araujo\" \/>\n<meta name=\"twitter:card\" content=\"summary_large_image\" \/>\n<meta name=\"twitter:label1\" content=\"Escrito por\" \/>\n\t<meta name=\"twitter:data1\" content=\"Matheus Araujo\" \/>\n\t<meta name=\"twitter:label2\" content=\"Tiempo de lectura\" \/>\n\t<meta name=\"twitter:data2\" content=\"6 minutos\" \/>\n<script type=\"application\/ld+json\" class=\"yoast-schema-graph\">{\"@context\":\"https:\/\/schema.org\",\"@graph\":[{\"@type\":\"Article\",\"@id\":\"https:\/\/www.nowcast.de\/es\/informe-del-rayos-de-alemania-en-el-verano-de-2020-la-estacion-mas-debil-desde-el-comienzo-de-las-mediciones\/#article\",\"isPartOf\":{\"@id\":\"https:\/\/www.nowcast.de\/es\/informe-del-rayos-de-alemania-en-el-verano-de-2020-la-estacion-mas-debil-desde-el-comienzo-de-las-mediciones\/\"},\"author\":{\"name\":\"Matheus Araujo\",\"@id\":\"https:\/\/www.nowcast.de\/es\/#\/schema\/person\/6cd7a2ca8d0d56d287a80b4f4fc89b1e\"},\"headline\":\"Informe del rayos de Alemania en el verano de 2020: La estaci\u00f3n m\u00e1s d\u00e9bil desde el comienzo de las mediciones\",\"datePublished\":\"2020-11-18T13:39:41+00:00\",\"dateModified\":\"2020-11-18T16:09:19+00:00\",\"mainEntityOfPage\":{\"@id\":\"https:\/\/www.nowcast.de\/es\/informe-del-rayos-de-alemania-en-el-verano-de-2020-la-estacion-mas-debil-desde-el-comienzo-de-las-mediciones\/\"},\"wordCount\":1226,\"publisher\":{\"@id\":\"https:\/\/www.nowcast.de\/es\/#organization\"},\"articleSection\":[\"Lightning Detection\",\"Lightning Detection\"],\"inLanguage\":\"es\"},{\"@type\":\"WebPage\",\"@id\":\"https:\/\/www.nowcast.de\/es\/informe-del-rayos-de-alemania-en-el-verano-de-2020-la-estacion-mas-debil-desde-el-comienzo-de-las-mediciones\/\",\"url\":\"https:\/\/www.nowcast.de\/es\/informe-del-rayos-de-alemania-en-el-verano-de-2020-la-estacion-mas-debil-desde-el-comienzo-de-las-mediciones\/\",\"name\":\"Informe del rayos de Alemania en el verano de 2020: La estaci\u00f3n m\u00e1s d\u00e9bil desde el comienzo de las mediciones - nowcast\",\"isPartOf\":{\"@id\":\"https:\/\/www.nowcast.de\/es\/#website\"},\"datePublished\":\"2020-11-18T13:39:41+00:00\",\"dateModified\":\"2020-11-18T16:09:19+00:00\",\"breadcrumb\":{\"@id\":\"https:\/\/www.nowcast.de\/es\/informe-del-rayos-de-alemania-en-el-verano-de-2020-la-estacion-mas-debil-desde-el-comienzo-de-las-mediciones\/#breadcrumb\"},\"inLanguage\":\"es\",\"potentialAction\":[{\"@type\":\"ReadAction\",\"target\":[\"https:\/\/www.nowcast.de\/es\/informe-del-rayos-de-alemania-en-el-verano-de-2020-la-estacion-mas-debil-desde-el-comienzo-de-las-mediciones\/\"]}]},{\"@type\":\"BreadcrumbList\",\"@id\":\"https:\/\/www.nowcast.de\/es\/informe-del-rayos-de-alemania-en-el-verano-de-2020-la-estacion-mas-debil-desde-el-comienzo-de-las-mediciones\/#breadcrumb\",\"itemListElement\":[{\"@type\":\"ListItem\",\"position\":1,\"name\":\"Startseite\",\"item\":\"https:\/\/www.nowcast.de\/es\/nowcast-deteccion-de-rayos\/\"},{\"@type\":\"ListItem\",\"position\":2,\"name\":\"Informe del rayos de Alemania en el verano de 2020: La estaci\u00f3n m\u00e1s d\u00e9bil desde el comienzo de las mediciones\"}]},{\"@type\":\"WebSite\",\"@id\":\"https:\/\/www.nowcast.de\/es\/#website\",\"url\":\"https:\/\/www.nowcast.de\/es\/\",\"name\":\"nowcast\",\"description\":\"Lightning Detection\",\"publisher\":{\"@id\":\"https:\/\/www.nowcast.de\/es\/#organization\"},\"potentialAction\":[{\"@type\":\"SearchAction\",\"target\":{\"@type\":\"EntryPoint\",\"urlTemplate\":\"https:\/\/www.nowcast.de\/es\/?s={search_term_string}\"},\"query-input\":\"required name=search_term_string\"}],\"inLanguage\":\"es\"},{\"@type\":\"Organization\",\"@id\":\"https:\/\/www.nowcast.de\/es\/#organization\",\"name\":\"nowcast GmbH\",\"url\":\"https:\/\/www.nowcast.de\/es\/\",\"logo\":{\"@type\":\"ImageObject\",\"inLanguage\":\"es\",\"@id\":\"https:\/\/www.nowcast.de\/es\/#\/schema\/logo\/image\/\",\"url\":\"https:\/\/www.nowcast.de\/wp-content\/uploads\/2020\/07\/logo-nowcast_lightning-detected_rgb.png\",\"contentUrl\":\"https:\/\/www.nowcast.de\/wp-content\/uploads\/2020\/07\/logo-nowcast_lightning-detected_rgb.png\",\"width\":800,\"height\":355,\"caption\":\"nowcast GmbH\"},\"image\":{\"@id\":\"https:\/\/www.nowcast.de\/es\/#\/schema\/logo\/image\/\"}},{\"@type\":\"Person\",\"@id\":\"https:\/\/www.nowcast.de\/es\/#\/schema\/person\/6cd7a2ca8d0d56d287a80b4f4fc89b1e\",\"name\":\"Matheus Araujo\",\"image\":{\"@type\":\"ImageObject\",\"inLanguage\":\"es\",\"@id\":\"https:\/\/www.nowcast.de\/es\/#\/schema\/person\/image\/\",\"url\":\"https:\/\/secure.gravatar.com\/avatar\/ea30e35b0a4b2c8e54d8a24f4b3bb773?s=96&d=mm&r=g\",\"contentUrl\":\"https:\/\/secure.gravatar.com\/avatar\/ea30e35b0a4b2c8e54d8a24f4b3bb773?s=96&d=mm&r=g\",\"caption\":\"Matheus Araujo\"}}]}<\/script>\n<!-- \/ Yoast SEO plugin. -->","yoast_head_json":{"title":"Informe del rayos de Alemania en el verano de 2020: La estaci\u00f3n m\u00e1s d\u00e9bil desde el comienzo de las mediciones - nowcast","robots":{"index":"index","follow":"follow","max-snippet":"max-snippet:-1","max-image-preview":"max-image-preview:large","max-video-preview":"max-video-preview:-1"},"canonical":"https:\/\/www.nowcast.de\/es\/informe-del-rayos-de-alemania-en-el-verano-de-2020-la-estacion-mas-debil-desde-el-comienzo-de-las-mediciones\/","og_locale":"es_ES","og_type":"article","og_title":"Informe del rayos de Alemania en el verano de 2020: La estaci\u00f3n m\u00e1s d\u00e9bil desde el comienzo de las mediciones - nowcast","og_description":"En el verano pasado se registraron exactamente 2.659.493 descargas de rayos en toda Alemania, 732.199 de ellas con una intensidad de corriente de al menos 5 kA.","og_url":"https:\/\/www.nowcast.de\/es\/informe-del-rayos-de-alemania-en-el-verano-de-2020-la-estacion-mas-debil-desde-el-comienzo-de-las-mediciones\/","og_site_name":"nowcast","article_published_time":"2020-11-18T13:39:41+00:00","article_modified_time":"2020-11-18T16:09:19+00:00","og_image":[{"width":860,"height":290,"url":"https:\/\/www.nowcast.de\/wp-content\/uploads\/2020\/11\/Blitzreport2020.jpg","type":"image\/jpeg"}],"author":"Matheus Araujo","twitter_card":"summary_large_image","twitter_misc":{"Escrito por":"Matheus Araujo","Tiempo de lectura":"6 minutos"},"schema":{"@context":"https:\/\/schema.org","@graph":[{"@type":"Article","@id":"https:\/\/www.nowcast.de\/es\/informe-del-rayos-de-alemania-en-el-verano-de-2020-la-estacion-mas-debil-desde-el-comienzo-de-las-mediciones\/#article","isPartOf":{"@id":"https:\/\/www.nowcast.de\/es\/informe-del-rayos-de-alemania-en-el-verano-de-2020-la-estacion-mas-debil-desde-el-comienzo-de-las-mediciones\/"},"author":{"name":"Matheus Araujo","@id":"https:\/\/www.nowcast.de\/es\/#\/schema\/person\/6cd7a2ca8d0d56d287a80b4f4fc89b1e"},"headline":"Informe del rayos de Alemania en el verano de 2020: La estaci\u00f3n m\u00e1s d\u00e9bil desde el comienzo de las mediciones","datePublished":"2020-11-18T13:39:41+00:00","dateModified":"2020-11-18T16:09:19+00:00","mainEntityOfPage":{"@id":"https:\/\/www.nowcast.de\/es\/informe-del-rayos-de-alemania-en-el-verano-de-2020-la-estacion-mas-debil-desde-el-comienzo-de-las-mediciones\/"},"wordCount":1226,"publisher":{"@id":"https:\/\/www.nowcast.de\/es\/#organization"},"articleSection":["Lightning Detection","Lightning Detection"],"inLanguage":"es"},{"@type":"WebPage","@id":"https:\/\/www.nowcast.de\/es\/informe-del-rayos-de-alemania-en-el-verano-de-2020-la-estacion-mas-debil-desde-el-comienzo-de-las-mediciones\/","url":"https:\/\/www.nowcast.de\/es\/informe-del-rayos-de-alemania-en-el-verano-de-2020-la-estacion-mas-debil-desde-el-comienzo-de-las-mediciones\/","name":"Informe del rayos de Alemania en el verano de 2020: La estaci\u00f3n m\u00e1s d\u00e9bil desde el comienzo de las mediciones - nowcast","isPartOf":{"@id":"https:\/\/www.nowcast.de\/es\/#website"},"datePublished":"2020-11-18T13:39:41+00:00","dateModified":"2020-11-18T16:09:19+00:00","breadcrumb":{"@id":"https:\/\/www.nowcast.de\/es\/informe-del-rayos-de-alemania-en-el-verano-de-2020-la-estacion-mas-debil-desde-el-comienzo-de-las-mediciones\/#breadcrumb"},"inLanguage":"es","potentialAction":[{"@type":"ReadAction","target":["https:\/\/www.nowcast.de\/es\/informe-del-rayos-de-alemania-en-el-verano-de-2020-la-estacion-mas-debil-desde-el-comienzo-de-las-mediciones\/"]}]},{"@type":"BreadcrumbList","@id":"https:\/\/www.nowcast.de\/es\/informe-del-rayos-de-alemania-en-el-verano-de-2020-la-estacion-mas-debil-desde-el-comienzo-de-las-mediciones\/#breadcrumb","itemListElement":[{"@type":"ListItem","position":1,"name":"Startseite","item":"https:\/\/www.nowcast.de\/es\/nowcast-deteccion-de-rayos\/"},{"@type":"ListItem","position":2,"name":"Informe del rayos de Alemania en el verano de 2020: La estaci\u00f3n m\u00e1s d\u00e9bil desde el comienzo de las mediciones"}]},{"@type":"WebSite","@id":"https:\/\/www.nowcast.de\/es\/#website","url":"https:\/\/www.nowcast.de\/es\/","name":"nowcast","description":"Lightning Detection","publisher":{"@id":"https:\/\/www.nowcast.de\/es\/#organization"},"potentialAction":[{"@type":"SearchAction","target":{"@type":"EntryPoint","urlTemplate":"https:\/\/www.nowcast.de\/es\/?s={search_term_string}"},"query-input":"required name=search_term_string"}],"inLanguage":"es"},{"@type":"Organization","@id":"https:\/\/www.nowcast.de\/es\/#organization","name":"nowcast GmbH","url":"https:\/\/www.nowcast.de\/es\/","logo":{"@type":"ImageObject","inLanguage":"es","@id":"https:\/\/www.nowcast.de\/es\/#\/schema\/logo\/image\/","url":"https:\/\/www.nowcast.de\/wp-content\/uploads\/2020\/07\/logo-nowcast_lightning-detected_rgb.png","contentUrl":"https:\/\/www.nowcast.de\/wp-content\/uploads\/2020\/07\/logo-nowcast_lightning-detected_rgb.png","width":800,"height":355,"caption":"nowcast GmbH"},"image":{"@id":"https:\/\/www.nowcast.de\/es\/#\/schema\/logo\/image\/"}},{"@type":"Person","@id":"https:\/\/www.nowcast.de\/es\/#\/schema\/person\/6cd7a2ca8d0d56d287a80b4f4fc89b1e","name":"Matheus Araujo","image":{"@type":"ImageObject","inLanguage":"es","@id":"https:\/\/www.nowcast.de\/es\/#\/schema\/person\/image\/","url":"https:\/\/secure.gravatar.com\/avatar\/ea30e35b0a4b2c8e54d8a24f4b3bb773?s=96&d=mm&r=g","contentUrl":"https:\/\/secure.gravatar.com\/avatar\/ea30e35b0a4b2c8e54d8a24f4b3bb773?s=96&d=mm&r=g","caption":"Matheus Araujo"}}]}},"_links":{"self":[{"href":"https:\/\/www.nowcast.de\/es\/wp-json\/wp\/v2\/posts\/4417"}],"collection":[{"href":"https:\/\/www.nowcast.de\/es\/wp-json\/wp\/v2\/posts"}],"about":[{"href":"https:\/\/www.nowcast.de\/es\/wp-json\/wp\/v2\/types\/post"}],"author":[{"embeddable":true,"href":"https:\/\/www.nowcast.de\/es\/wp-json\/wp\/v2\/users\/12"}],"replies":[{"embeddable":true,"href":"https:\/\/www.nowcast.de\/es\/wp-json\/wp\/v2\/comments?post=4417"}],"version-history":[{"count":4,"href":"https:\/\/www.nowcast.de\/es\/wp-json\/wp\/v2\/posts\/4417\/revisions"}],"predecessor-version":[{"id":4428,"href":"https:\/\/www.nowcast.de\/es\/wp-json\/wp\/v2\/posts\/4417\/revisions\/4428"}],"wp:featuredmedia":[{"embeddable":true,"href":"https:\/\/www.nowcast.de\/es\/wp-json\/wp\/v2\/media\/4471"}],"wp:attachment":[{"href":"https:\/\/www.nowcast.de\/es\/wp-json\/wp\/v2\/media?parent=4417"}],"wp:term":[{"taxonomy":"category","embeddable":true,"href":"https:\/\/www.nowcast.de\/es\/wp-json\/wp\/v2\/categories?post=4417"},{"taxonomy":"post_tag","embeddable":true,"href":"https:\/\/www.nowcast.de\/es\/wp-json\/wp\/v2\/tags?post=4417"}],"curies":[{"name":"wp","href":"https:\/\/api.w.org\/{rel}","templated":true}]}}